{"id":100,"date":"2013-11-21T15:40:59","date_gmt":"2013-11-21T14:40:59","guid":{"rendered":"http:\/\/iperarte.net\/arteattivista\/?p=100"},"modified":"2013-11-21T15:40:59","modified_gmt":"2013-11-21T14:40:59","slug":"miroslaw-balka","status":"publish","type":"post","link":"https:\/\/iperarte.net\/arteattivista\/miroslaw-balka\/","title":{"rendered":"Miroslaw Balka"},"content":{"rendered":"<p>Miroslaw Balka \u00e8 un artista polacco nato a Varsavia nel 1959.<\/p>\n<p><strong>Il corpo, la memoria, la morte, la mitologia privata<\/strong>, sono i temi chiave dell\u2019opera di Balka , presenti gi\u00e0 nei suoi primi progetti .<\/p>\n<p>I materiali con cui \u2018artista crea le sue opere sono spesso prelevati dalla sua abitazione. Terra, sapone, cenere, sale, capelli, legno e lamiere arrugginite acquistano nuovi significati nel contesto di <a href=\"http:\/\/iperarte.net\/artistiparola\/\">opere narrative<\/a> che rappresentano la condizione dell\u2019essere umano.<\/p>\n<p>Nel 1985, mentre l\u2019artista ultimava i suoi studi all\u2019Accademia di Belle Arti di Varsavia, la Polonia stava vivendo un profondo cambiamento sociale in seguito alle attivit\u00e0 destabilizzandi di <em>Solidarno\u015b\u0107<\/em>, un movimento antisovietico non violento ampiamente sostenuto dalla Chiesa cattolica. Nei primi anni Ottanta, la crescita di consensi di <em>Solidarno\u015b\u0107<\/em> e di altri movimenti a favore della democrazia, avevano introdotto l\u2019autoritario governo polacco a imporre la legge marziale, che port\u00f2 alla repressione dei dissidenti.\u00a0 Molti lavori di Balja di quel periodo rispecchiano direttamente atmosfera cupa e inquieta di quegli anni: <strong>sculture drammatiche e performance rituali<\/strong> che evocano le opere di Joseph Beuys.<\/p>\n<p>Il lavoro di Balka \u00e8 spesso autobiografico, attingendo spesso alla sua storia personale e al simbolismo tramandatogli dalla famiglia che da generazioni si occupa di scultura funebre.<\/p>\n<p>L&#8217;artista interessa agli oggetti che accompagnano accolgono il corpo dell\u2019uomo nelle varie fasi della sua vita (<a href=\"http:\/\/www.janfabre.it\/scarabei.html\">il letto, la bara \u00a0l&#8217;urna<\/a>), come ai <a href=\"http:\/\/iperarte.net\/artistiparola\/jan-fabre\/\">liquidi corporei<\/a>\u00a0 come sudore, urina, sperma e lacrime. Nel costruire le sue opere, Balka utilizza calchi del proprio corpo, che diventa il modello standard delle sue creazioni, cos\u00ec come l\u2019esperienza interiore dell\u2019artista che diventa paradigma di una storia universale.<\/p>\n<p>I primi lavori dell\u2019artista \u2013 forse quelli pi\u00f9 carichi di significato politico \u2013 spesso ritraggono il corpo umano.<\/p>\n<p>Tra questi c\u2019\u00e8 \u201cPapa nero e pecora nera\u201d(Biennale di Venezia 2013), un\u2019opera del 1987 che mostra una spettrale coppia di figure cineree, il cui rigido aspetto suggerisce una certa solennit\u00e0 ma anche un profondo senso di inquietudine. La forma umana \u00e8 inerme e mummificata ed evoca immediatamente la morte. Il papa nero sembra in lutto, a suggerire la repressione religiosa del <a href=\"http:\/\/iperarte.net\/arteattivista\/\">dominio comunista<\/a> e pare condannato insieme al sua gregge. Dagli occhi del papa sembrano sgorgare lacrime che, come zanne grottesche, forano il ruvido manto tombale in cui \u00e8 avvolto.<\/p>\n<p>Tra le opere realizzate nella seconda met\u00e0 degli anni \u201980 \u2013 quando Balka\u00a0 prese parte al movimento New Expression \u2013 c\u2019erano \u201cBad News\u201d (1986) , \u201cS. Adalberto\u201d (1987) o \u201cPastorella\u201d ( 1989), dove l&#8217;uomo e la sua esistenza sono stati mostrati nell\u2019opposizione drammatica tra fisico e spirituale .<\/p>\n<p>Dal 1990 la sua attenzione si sposta verso le installazioni <a href=\"http:\/\/iperarte.net\/ledonnedellarte\/carla-accardi\/\">astratte<\/a>, realizzati in materiali come acciaio, cemento, sale, gommapiuma e feltro. Il corpo umano \u00e8 ancora presente ma in modo indiretto e velato. Si tratta di sculture ascetiche, installazioni scultoree e video che riflettono <strong>la precariet\u00e0 dell&#8217;umanit\u00e0 tra le macerie dell\u2019 esistenza terrena<\/strong>.<\/p>\n<p>&nbsp;<\/p>\n\n","protected":false},"excerpt":{"rendered":"<p>Miroslaw Balka \u00e8 un artista polacco nato a Varsavia nel 1959. Il corpo, la memoria, la morte, la mitologia privata, sono i temi chiave dell\u2019opera di Balka , presenti gi\u00e0 nei suoi primi progetti . I materiali con cui \u2018artista crea le sue opere sono spesso prelevati dalla sua abitazione. Terra, sapone, cenere, sale, capelli, &hellip; <\/p>\n","protected":false},"author":1,"featured_media":101,"comment_status":"closed","ping_status":"closed","sticky":false,"template":"","format":"standard","meta":[],"categories":[3,4],"tags":[],"_links":{"self":[{"href":"https:\/\/iperarte.net\/arteattivista\/wp-json\/wp\/v2\/posts\/100"}],"collection":[{"href":"https:\/\/iperarte.net\/arteattivista\/wp-json\/wp\/v2\/posts"}],"about":[{"href":"https:\/\/iperarte.net\/arteattivista\/wp-json\/wp\/v2\/types\/post"}],"author":[{"embeddable":true,"href":"https:\/\/iperarte.net\/arteattivista\/wp-json\/wp\/v2\/users\/1"}],"replies":[{"embeddable":true,"href":"https:\/\/iperarte.net\/arteattivista\/wp-json\/wp\/v2\/comments?post=100"}],"version-history":[{"count":0,"href":"https:\/\/iperarte.net\/arteattivista\/wp-json\/wp\/v2\/posts\/100\/revisions"}],"wp:featuredmedia":[{"embeddable":true,"href":"https:\/\/iperarte.net\/arteattivista\/wp-json\/"}],"wp:attachment":[{"href":"https:\/\/iperarte.net\/arteattivista\/wp-json\/wp\/v2\/media?parent=100"}],"wp:term":[{"taxonomy":"category","embeddable":true,"href":"https:\/\/iperarte.net\/arteattivista\/wp-json\/wp\/v2\/categories?post=100"},{"taxonomy":"post_tag","embeddable":true,"href":"https:\/\/iperarte.net\/arteattivista\/wp-json\/wp\/v2\/tags?post=100"}],"curies":[{"name":"wp","href":"https:\/\/api.w.org\/{rel}","templated":true}]}}