{"id":20,"date":"2013-08-05T12:32:30","date_gmt":"2013-08-05T10:32:30","guid":{"rendered":"http:\/\/127.0.0.1\/wp168\/?p=14"},"modified":"2013-08-05T12:32:30","modified_gmt":"2013-08-05T10:32:30","slug":"alfredo-jarr","status":"publish","type":"post","link":"https:\/\/iperarte.net\/arteattivista\/alfredo-jarr\/","title":{"rendered":"Alfredo Jaar"},"content":{"rendered":"<p>&nbsp;<\/p>\n<p>Alfredo Jaar nase nel 1956 a Satiago del Cile, si forma in architettura e regia, per poi trasferirsi a New York negli anni \u201980. Il suo lavoro \u00e8 stato ampliamente esposto in tutto il mondo, con oltre 50 interventi pubblici.\u00a0 Nelle sue opere utilizza linguaggi diversi come installazioni,<a href=\"http:\/\/iperarte.net\/cittaenatura\/\"> opere ambientali<\/a> e soprattutto video.<\/p>\n<p>Alfredo Jaar esordisce come artista durante la dittatura militare di Pinochet, realizzando opere esplicitamente critiche al regime e partecipa nel 1986 alla Biennale di Venezia.<\/p>\n<p>Nelle sue opere combina le testimonianze delle pi\u00f9 terribili realt\u00e0 alle tecniche artistiche, reinventate con finalit\u00e0 critiche.<\/p>\n<p>Tra le opere pi\u00f9 note dell\u2019artista c\u2019\u00e8 \u201cIntroduction to a Distant\u00a0 World\u201d del 1985, in cui sono riprese le scene drammatiche dei minatori schiavizzati della miniera d\u2019oro di Serra Pelanda in Brasile, alternate a immagini delle quotazioni dell\u2019oro delle maggiori borse internazionali .<\/p>\n<p>L\u2019artista cileno si interroga sulle possibili reazioni tra arte e consenso socio-politico, affrontando temi legati a situazioni di emergenza umanitaria, di oppressione politica, di emarginazione sociale e di violazione dei diritti umani e civili. Si concentra in particolare su situazioni che la nostra coscienza tende a rimuovere e sulla retorica attravrso la quale i media manipolano e trasmettono le informazioni. Crede in una correlazione tra estetica e etica e nell\u2019importanza di un ruolo socialmente attivo della cultura, contro le ingiustizie politiche e sociali.<\/p>\n<p>&nbsp;<\/p>\n\n","protected":false},"excerpt":{"rendered":"<p>&nbsp; Alfredo Jaar nase nel 1956 a Satiago del Cile, si forma in architettura e regia, per poi trasferirsi a New York negli anni \u201980. Il suo lavoro \u00e8 stato ampliamente esposto in tutto il mondo, con oltre 50 interventi pubblici.\u00a0 Nelle sue opere utilizza linguaggi diversi come installazioni, opere ambientali e soprattutto video. Alfredo &hellip; <\/p>\n","protected":false},"author":1,"featured_media":43,"comment_status":"closed","ping_status":"closed","sticky":false,"template":"","format":"standard","meta":[],"categories":[4],"tags":[],"_links":{"self":[{"href":"https:\/\/iperarte.net\/arteattivista\/wp-json\/wp\/v2\/posts\/20"}],"collection":[{"href":"https:\/\/iperarte.net\/arteattivista\/wp-json\/wp\/v2\/posts"}],"about":[{"href":"https:\/\/iperarte.net\/arteattivista\/wp-json\/wp\/v2\/types\/post"}],"author":[{"embeddable":true,"href":"https:\/\/iperarte.net\/arteattivista\/wp-json\/wp\/v2\/users\/1"}],"replies":[{"embeddable":true,"href":"https:\/\/iperarte.net\/arteattivista\/wp-json\/wp\/v2\/comments?post=20"}],"version-history":[{"count":0,"href":"https:\/\/iperarte.net\/arteattivista\/wp-json\/wp\/v2\/posts\/20\/revisions"}],"wp:featuredmedia":[{"embeddable":true,"href":"https:\/\/iperarte.net\/arteattivista\/wp-json\/"}],"wp:attachment":[{"href":"https:\/\/iperarte.net\/arteattivista\/wp-json\/wp\/v2\/media?parent=20"}],"wp:term":[{"taxonomy":"category","embeddable":true,"href":"https:\/\/iperarte.net\/arteattivista\/wp-json\/wp\/v2\/categories?post=20"},{"taxonomy":"post_tag","embeddable":true,"href":"https:\/\/iperarte.net\/arteattivista\/wp-json\/wp\/v2\/tags?post=20"}],"curies":[{"name":"wp","href":"https:\/\/api.w.org\/{rel}","templated":true}]}}