{"id":275,"date":"2014-03-10T09:46:40","date_gmt":"2014-03-10T08:46:40","guid":{"rendered":"http:\/\/iperarte.net\/arteattivista\/?p=275"},"modified":"2014-03-10T09:46:40","modified_gmt":"2014-03-10T08:46:40","slug":"brian-maguire","status":"publish","type":"post","link":"https:\/\/iperarte.net\/arteattivista\/brian-maguire\/","title":{"rendered":"Brian Maguire"},"content":{"rendered":"<p>&nbsp;<\/p>\n<p>Brian Maguire\u00a0 \u00e8 un artista irlandese, nato a Bray nella contea di Wicklow nel 1951.<\/p>\n<p>Fin da giovanissimo,\u00a0Brian Maguire trovava ispirazione per le sue pitture\u00a0 indagando temi come l&#8217;ingiustizia e\u00a0 l&#8217;emarginazione sociale. I suoi quadri rappresentano l\u2019alienazione politica e<a href=\"http:\/\/iperarte.net\/arteattivista\/category\/sessismo\/\"> sessuale<\/a> dell\u2019individuo, la difficolt\u00e0 di <a href=\"http:\/\/iperarte.net\/artistiparola\/\">comunicazione<\/a> in una societ\u00e0 sempre pi\u00f9 ricca e veloce, l\u2019isolamento di coloro che vivono ai margini. Il suo stile lo colloca tra i neo-espressionisti, anche se Maguire non si \u00e8 mai riconosciuto in un particolare movimento artistico.<\/p>\n<p>Maguire <strong>ha insegnato arte nelle prigioni irlandesi<\/strong> per diversi anni, fino al 1987, quando divenne &#8220;artista in residenza&#8221;\u00a0 in diverse prigioni in Irlanda, Polonia e U.S.A., e nel centro di detenzione femminile a Bayview,\u00a0 Manhattan. Questa esperienza culmin\u00f2 nel 2002 in una mostra alla galleria White Box a New York.<\/p>\n<p>Nel 1998 rappresent\u00f2 l\u2019Irlanda alla Sao Paulo Bienal, creando la serie <strong><em>Casa de Cultura<\/em><\/strong>, una serie di pitture provocative nate dall&#8217;interazione con le persone che vivevano\u00a0 nelle favelas di Sao Paulo.<\/p>\n<p>Il progetto pi\u00f9 importante di Brian Maguir risale al 2009, anno in cui l&#8217;artista si rec\u00f2 a Ciudad Ju\u00e1rez in Messico, considerata una delle <a href=\"http:\/\/iperarte.net\/cittaenatura\/category\/citta\/\">citt\u00e0 <\/a>pi\u00f9 pericolose al mondo per il suo altissimo tasso di criminalit\u00e0. Gran parte dei crimini commessi in Ciudad Ju\u00e0rez rimangono impuniti e sempre pi\u00f9 spesso le vittime sono donne e bambini.<\/p>\n<p>Maguire avvi\u00f2 cos\u00ec un\u2019 intensa collaborazione con\u00a0 diversi artisti, <a href=\"http:\/\/iperarte.net\/artistiparola\/\">giornalisti <\/a>e attivisti per i diritti umani, per portare all\u2019attenzione dei media <a href=\"http:\/\/iperarte.net\/international\">internazionali<\/a> ci\u00f2 che stava avvenendo in quel luogo dimenticato da tutti, seppur molto vicino al confine con gli U.S.A.. Il progetto, a cui parteciparono artisti da tutto il mondo, venne chiamato <strong>\u201cAn Oasis of Horror in a Desert of Boredom\u201d<\/strong> (Un&#8217;oasi d\u2019orrore in un deserto di noia).<\/p>\n<p>La mostra che ne consegu\u00ec consisteva in una serie di <strong>ritratti delle vittime degli omicidi irrisolti a Ciudad Ju\u00e1rez<\/strong>. Per la realizzazione dei quadri, l\u2019artista si serv\u00ec di foto fornite dalle famiglie delle vittime, alle quali poi donava una copia del ritratto. Ogni opera esibita portava il nome della vittima e una <a href=\"http:\/\/iperarte.net\/artistiparola\/\">parola <\/a>per descriverne la morte.<\/p>\n<p>Nel 2000 Maguire fu nominato professore al National College of Art and Design a Dublino. Gran parte della sua attivit\u00e0 artistica si svolge tra Irlanda e America, tuttavia le sue opere sono state esposte anche in Giappone, Finlandia, Olanda, Belgio, Slovacchia e nella collezione di Ed e Nancy Kienholz.<\/p>\n<p>&nbsp;<\/p>\n<p style=\"text-align: left\" align=\"right\">Un articolo di Rachele Luzi<\/p>\n\n<p style=\"text-align: left\" align=\"right\">\n","protected":false},"excerpt":{"rendered":"<p>&nbsp; Brian Maguire\u00a0 \u00e8 un artista irlandese, nato a Bray nella contea di Wicklow nel 1951. Fin da giovanissimo,\u00a0Brian Maguire trovava ispirazione per le sue pitture\u00a0 indagando temi come l&#8217;ingiustizia e\u00a0 l&#8217;emarginazione sociale. I suoi quadri rappresentano l\u2019alienazione politica e sessuale dell\u2019individuo, la difficolt\u00e0 di comunicazione in una societ\u00e0 sempre pi\u00f9 ricca e veloce, l\u2019isolamento &hellip; <\/p>\n","protected":false},"author":1,"featured_media":281,"comment_status":"closed","ping_status":"closed","sticky":false,"template":"","format":"standard","meta":[],"categories":[4],"tags":[],"_links":{"self":[{"href":"https:\/\/iperarte.net\/arteattivista\/wp-json\/wp\/v2\/posts\/275"}],"collection":[{"href":"https:\/\/iperarte.net\/arteattivista\/wp-json\/wp\/v2\/posts"}],"about":[{"href":"https:\/\/iperarte.net\/arteattivista\/wp-json\/wp\/v2\/types\/post"}],"author":[{"embeddable":true,"href":"https:\/\/iperarte.net\/arteattivista\/wp-json\/wp\/v2\/users\/1"}],"replies":[{"embeddable":true,"href":"https:\/\/iperarte.net\/arteattivista\/wp-json\/wp\/v2\/comments?post=275"}],"version-history":[{"count":0,"href":"https:\/\/iperarte.net\/arteattivista\/wp-json\/wp\/v2\/posts\/275\/revisions"}],"wp:featuredmedia":[{"embeddable":true,"href":"https:\/\/iperarte.net\/arteattivista\/wp-json\/"}],"wp:attachment":[{"href":"https:\/\/iperarte.net\/arteattivista\/wp-json\/wp\/v2\/media?parent=275"}],"wp:term":[{"taxonomy":"category","embeddable":true,"href":"https:\/\/iperarte.net\/arteattivista\/wp-json\/wp\/v2\/categories?post=275"},{"taxonomy":"post_tag","embeddable":true,"href":"https:\/\/iperarte.net\/arteattivista\/wp-json\/wp\/v2\/tags?post=275"}],"curies":[{"name":"wp","href":"https:\/\/api.w.org\/{rel}","templated":true}]}}