{"id":381,"date":"2020-12-28T15:10:02","date_gmt":"2020-12-28T14:10:02","guid":{"rendered":"http:\/\/iperarte.net\/ledonnedellarte\/?p=381"},"modified":"2022-06-18T15:01:01","modified_gmt":"2022-06-18T13:01:01","slug":"marina-abramovic","status":"publish","type":"post","link":"https:\/\/iperarte.net\/ledonnedellarte\/marina-abramovic\/","title":{"rendered":"Marina Abramovi\u0107"},"content":{"rendered":"<p>Nata a Belgrado nel 1946, Marina Abramovi\u0107 \u00e8 una delle artiste maggiormente significative e riconosciute a livello internazionale, protagonista indiscussa negli appuntamenti pi\u00f9 prestigiosi come \u201cDocumenta\u201d di Kassel e la Biennale di Venezia.<\/p>\n<p>\u00c8 stata una<strong> figura chiave della Body Art<\/strong> e una delle prime performer, tanto da autodefinirsi <strong>&#8220;Grandmother of performance art&#8221;<\/strong>, sancendo il suo posto di spicco tra pionieri di questa metodologia come Bruce Nauman, Vito Acconci, Chris Burden e <a href=\"\/ledonnedellarte\/gina-pane\/\">Gina Pane<\/a>.<\/p>\n<p>Dopo aver studiato presso l\u2019Accademia di Belle Arti di Belgrado (1965-72), Abramovi\u0107 cominci\u00f2 proprio agli inizi degli anni \u201970 a dar vita alle sue febbricitanti performance, sperimentando i primi ambienti sonori e le video installazioni e contribuendo cos\u00ec con il suo lavoro a delineare alcuni punti fondamentali dell\u2019arte contemporanea.<\/p>\n<p>Nel 1976 si trasfer\u00ec ad Amsterdam e inizi\u00f2 la fertile collaborazione con l\u2019artista tedesco <strong>Ulay<\/strong>, con il quale condivise intensamente vita e lavoro fino alla fine degli anni \u201980. Considerati come un\u2019unica entit\u00e0, i due artisti diedero vita insieme a delle performance innovative e di grandissimo impatto nello scenario artistico, incentrate sul corpo e sulla stretta relazione delle loro azioni.<\/p>\n<p>Un sodalizio artistico e amoroso che termin\u00f2 con un altrettanto spettacolare ed emozionante performance (<i>The Lovers<\/i>) che li vide percorrere la muraglia cinese dai due estremi opposti, fino ad incontrarsi al centro e salutarsi. Da quegli anni in poi Marina Abramovi\u0107 si dedic\u00f2 ad un\u2019arte autobiografica passando dall\u2019indagine del suo corpo all\u2019epifania di oggetti presi dal naturale e ispirati alla cultura di popoli indigeni che lei defin\u00ec di \u201ctransizione\u201d e di \u201cpotere\u201d.<\/p>\n<p>Il suo \u00e8 un <a href=\"\/arteattivista\/\">l<\/a>avoro sociale che indaga non l\u2019autonomia dell\u2019opera d\u2019arte bens\u00ec quella dell\u2019essere umano, che esplora il rapporto tra performer e pubblico.\u00a0L&#8217;artista ha sempre creduto in un&#8217;arte che indaga le necessit\u00e0 della\u00a0societ\u00e0.\u00a0<b>&#8220;L&#8217;arte senza etica \u00e8 cosmetica&#8221;<\/b>.<\/p>\n<p>Nell\u2019attivit\u00e0 performativa utilizza il corpo come medium e materiale della propria ricerca artistica, sperimentando i limiti fisici e le possibilit\u00e0 mentali, arrivando anche ad azioni masochiste cui sottopone la propria carne e la propria sensibilit\u00e0 femminile di fronte un pubblico non pi\u00f9 passivo, ma attivo, giudice e psicologicamente costretto a reagire.<\/p>\n<p>Tra le sue opere maggiormente conosciute si pu\u00f2 annoverare <i>Rhythm 0 <\/i>(Napoli 1974),\u00a0\u00a0dalla serie <strong>\u201c<i>Rhythms\u201d<\/i><\/strong>, dove l\u2019artista offr\u00ec il proprio corpo privo di volont\u00e0 agli spettatori, i quali potevano usare su di lei i 72 oggetti appositamente collocati sul tavolo:<strong>\u00a0<\/strong><b><\/b><\/p>\n<p><b>\u201cIo sono l\u2019oggetto\u201d<\/b>.<\/p>\n<p>Iniziato con un approccio delicato, lo spettacolo divent\u00f2 violento e incontrollato, fino al punto di mettere nelle mani dell\u2019artista una pistola carica puntata su se stessa.<\/p>\n<p>In <i>Balkan Baroque <\/i>l\u2019artista si trova impegnata al lavaggio di 1.500 ossa di bue insanguinate, come un rito di simbolica purificazione e riflessione su un momento storico difficile dell\u2019ex Jugoslavia. Presentata alla XLVII Biennale di Venezia (1997), le fece vincere il Leone D\u2019oro. \u00a0<i>\u00a0<\/i><\/p>\n<p>Un articolo di <strong>Daisy Triolo<\/strong><\/p>\n<div id='gallery-1' class='gallery galleryid-381 gallery-columns-3 gallery-size-thumbnail'><figure class='gallery-item'>\n\t\t\t<div class='gallery-icon portrait'>\n\t\t\t\t<a href='https:\/\/iperarte.net\/ledonnedellarte\/marina-abramovic\/marina-abramovic-imponderabilia\/'><img width=\"150\" height=\"150\" src=\"https:\/\/iperarte.net\/ledonnedellarte\/wp-content\/uploads\/sites\/2\/2020\/12\/marina-abramovic-imponderabilia-150x150.jpg\" class=\"attachment-thumbnail size-thumbnail\" alt=\"\" loading=\"lazy\" srcset=\"https:\/\/iperarte.net\/ledonnedellarte\/wp-content\/uploads\/sites\/2\/2020\/12\/marina-abramovic-imponderabilia-150x150.jpg 150w, https:\/\/iperarte.net\/ledonnedellarte\/wp-content\/uploads\/sites\/2\/2020\/12\/marina-abramovic-imponderabilia-435x435.jpg 435w\" sizes=\"(max-width: 150px) 100vw, 150px\" \/><\/a>\n\t\t\t<\/div><\/figure><figure class='gallery-item'>\n\t\t\t<div class='gallery-icon landscape'>\n\t\t\t\t<a href='https:\/\/iperarte.net\/ledonnedellarte\/marina-abramovic\/marina-abramovic-e-ulay\/'><img width=\"150\" height=\"150\" src=\"https:\/\/iperarte.net\/ledonnedellarte\/wp-content\/uploads\/sites\/2\/2020\/12\/marina-abramovic-e-ulay-150x150.jpg\" class=\"attachment-thumbnail size-thumbnail\" alt=\"\" loading=\"lazy\" srcset=\"https:\/\/iperarte.net\/ledonnedellarte\/wp-content\/uploads\/sites\/2\/2020\/12\/marina-abramovic-e-ulay-150x150.jpg 150w, https:\/\/iperarte.net\/ledonnedellarte\/wp-content\/uploads\/sites\/2\/2020\/12\/marina-abramovic-e-ulay-435x435.jpg 435w\" sizes=\"(max-width: 150px) 100vw, 150px\" \/><\/a>\n\t\t\t<\/div><\/figure><figure class='gallery-item'>\n\t\t\t<div class='gallery-icon landscape'>\n\t\t\t\t<a href='https:\/\/iperarte.net\/ledonnedellarte\/marina-abramovic\/marina-abramovic-the-cleaner\/'><img width=\"150\" height=\"150\" src=\"https:\/\/iperarte.net\/ledonnedellarte\/wp-content\/uploads\/sites\/2\/2020\/12\/marina-abramovic-the-cleaner-150x150.jpg\" class=\"attachment-thumbnail size-thumbnail\" alt=\"\" loading=\"lazy\" srcset=\"https:\/\/iperarte.net\/ledonnedellarte\/wp-content\/uploads\/sites\/2\/2020\/12\/marina-abramovic-the-cleaner-150x150.jpg 150w, https:\/\/iperarte.net\/ledonnedellarte\/wp-content\/uploads\/sites\/2\/2020\/12\/marina-abramovic-the-cleaner-435x435.jpg 435w\" sizes=\"(max-width: 150px) 100vw, 150px\" \/><\/a>\n\t\t\t<\/div><\/figure><figure class='gallery-item'>\n\t\t\t<div class='gallery-icon landscape'>\n\t\t\t\t<a href='https:\/\/iperarte.net\/ledonnedellarte\/marina-abramovic\/marina-abramovic-the-lovers\/'><img width=\"150\" height=\"150\" src=\"https:\/\/iperarte.net\/ledonnedellarte\/wp-content\/uploads\/sites\/2\/2020\/12\/marina-abramovic-the-lovers-150x150.jpg\" class=\"attachment-thumbnail size-thumbnail\" alt=\"\" loading=\"lazy\" srcset=\"https:\/\/iperarte.net\/ledonnedellarte\/wp-content\/uploads\/sites\/2\/2020\/12\/marina-abramovic-the-lovers-150x150.jpg 150w, https:\/\/iperarte.net\/ledonnedellarte\/wp-content\/uploads\/sites\/2\/2020\/12\/marina-abramovic-the-lovers-435x435.jpg 435w\" sizes=\"(max-width: 150px) 100vw, 150px\" \/><\/a>\n\t\t\t<\/div><\/figure><figure class='gallery-item'>\n\t\t\t<div class='gallery-icon landscape'>\n\t\t\t\t<a href='https:\/\/iperarte.net\/ledonnedellarte\/marina-abramovic\/marina-abramovic-rhythm-0\/'><img width=\"150\" height=\"150\" src=\"https:\/\/iperarte.net\/ledonnedellarte\/wp-content\/uploads\/sites\/2\/2020\/12\/marina-abramovic-Rhythm-0-150x150.jpg\" class=\"attachment-thumbnail size-thumbnail\" alt=\"\" loading=\"lazy\" \/><\/a>\n\t\t\t<\/div><\/figure><figure class='gallery-item'>\n\t\t\t<div class='gallery-icon landscape'>\n\t\t\t\t<a href='https:\/\/iperarte.net\/ledonnedellarte\/marina-abramovic\/marina-abramovic-balkan-baroque\/'><img width=\"150\" height=\"150\" src=\"https:\/\/iperarte.net\/ledonnedellarte\/wp-content\/uploads\/sites\/2\/2020\/12\/marina-abramovic-Balkan-Baroque-150x150.jpg\" class=\"attachment-thumbnail size-thumbnail\" alt=\"\" loading=\"lazy\" \/><\/a>\n\t\t\t<\/div><\/figure>\n\t\t<\/div>\n\n<p>Leggi anche:<a href=\"\/frasi-di-marina-abramovic-poesie-citazioni\"> Frasi di Marina Abramovic: Poesie &amp; Citazioni<\/a><\/p>\n","protected":false},"excerpt":{"rendered":"<p>Nata a Belgrado nel 1946, Marina Abramovi\u0107 \u00e8 una delle artiste maggiormente significative e riconosciute a livello internazionale, protagonista indiscussa negli appuntamenti pi\u00f9 prestigiosi come \u201cDocumenta\u201d di Kassel e la Biennale di Venezia. \u00c8 stata una figura chiave della Body Art e una delle prime performer, tanto da autodefinirsi &#8220;Grandmother of performance art&#8221;, sancendo il &hellip; <\/p>\n","protected":false},"author":1,"featured_media":2007,"comment_status":"closed","ping_status":"closed","sticky":false,"template":"","format":"standard","meta":[],"categories":[11],"tags":[],"_links":{"self":[{"href":"https:\/\/iperarte.net\/ledonnedellarte\/wp-json\/wp\/v2\/posts\/381"}],"collection":[{"href":"https:\/\/iperarte.net\/ledonnedellarte\/wp-json\/wp\/v2\/posts"}],"about":[{"href":"https:\/\/iperarte.net\/ledonnedellarte\/wp-json\/wp\/v2\/types\/post"}],"author":[{"embeddable":true,"href":"https:\/\/iperarte.net\/ledonnedellarte\/wp-json\/wp\/v2\/users\/1"}],"replies":[{"embeddable":true,"href":"https:\/\/iperarte.net\/ledonnedellarte\/wp-json\/wp\/v2\/comments?post=381"}],"version-history":[{"count":2,"href":"https:\/\/iperarte.net\/ledonnedellarte\/wp-json\/wp\/v2\/posts\/381\/revisions"}],"predecessor-version":[{"id":2027,"href":"https:\/\/iperarte.net\/ledonnedellarte\/wp-json\/wp\/v2\/posts\/381\/revisions\/2027"}],"wp:featuredmedia":[{"embeddable":true,"href":"https:\/\/iperarte.net\/ledonnedellarte\/wp-json\/wp\/v2\/media\/2007"}],"wp:attachment":[{"href":"https:\/\/iperarte.net\/ledonnedellarte\/wp-json\/wp\/v2\/media?parent=381"}],"wp:term":[{"taxonomy":"category","embeddable":true,"href":"https:\/\/iperarte.net\/ledonnedellarte\/wp-json\/wp\/v2\/categories?post=381"},{"taxonomy":"post_tag","embeddable":true,"href":"https:\/\/iperarte.net\/ledonnedellarte\/wp-json\/wp\/v2\/tags?post=381"}],"curies":[{"name":"wp","href":"https:\/\/api.w.org\/{rel}","templated":true}]}}