{"id":766,"date":"2014-02-04T10:32:23","date_gmt":"2014-02-04T09:32:23","guid":{"rendered":"http:\/\/iperarte.net\/ledonnedellarte\/?p=766"},"modified":"2022-06-18T14:55:15","modified_gmt":"2022-06-18T12:55:15","slug":"ana-mendieta","status":"publish","type":"post","link":"https:\/\/iperarte.net\/ledonnedellarte\/ana-mendieta\/","title":{"rendered":"Ana Mendieta"},"content":{"rendered":"<p>Ana Mendieta \u00e8 una delle donne pi\u00f9 significative nel panorama artistico contemporaneo e una delle prime artiste latino-americane ad avere un ruolo centrale negli anni \u201970.<\/p>\n<p>Nata a L\u2019Avana (Cuba) nel 1948, Ana Mendieta viene portata tredicenne, insieme alla sorella, negli Stati Uniti con l\u2019operazione \u201cPeter Pan\u201d, un piano anticomunista che aveva l\u2019obiettivo di far espatriare i minori cubani all\u2019indomani della rivoluzione castrista. L\u2019artista dir\u00e0: <b><i>\u201cEra come se fossi stata strappata dal ventre materno\u201d<\/i><\/b>. Questo sradicamento forzato e il continuo pellegrinaggio da un campo di rifugiati ad un orfanotrofio o presso famiglie adottive porter\u00e0 ad Ana un forte senso di non-appartenenza e di identit\u00e0 divisa, presente in tutta la sua arte.<\/p>\n<p><strong><i>&#8220;Per me l&#8217;inizio della ricerca di un posto nel mondo e il tentativo \u00a0di \u00a0definire il mio essere prendono avvio proprio da quella esperienza&#8221;.<\/i><\/strong><\/p>\n<p>Studia presso l\u2019Iowa State University dove decide nel 1972 di passare radicalmente dalla pittura alle performances.<\/p>\n<p>La poetica artistica di Mendieta \u00e8 una sintesi tra il movimento della Body Art e la <a href=\"\/cittaenatura\/category\/natura\/\">Land Art<\/a>, dando primaria importanza alla visione del proprio corpo umano immerso in una natura primordiale. La sua \u00e8 un\u2019arte viscerale che abbraccia gli ideali del femminismo. La figura della donna \u00e8 intrisa di magica ritualit\u00e0 ed \u00e8 concepita come un <strong>ritorno del corpo d&#8217;artista alla madre terra<\/strong> e all\u2019esotico cubano. Utilizzando diversi media (performance, disegno, scultura, fotografia e video), i suoi lavori fanno costante riferimento a simboli e ad aspetti di pratiche rituali di culture indigene &#8211; africane, europee e delle Americhe &#8211; e ai riti sacrificali propri della \u201csanteria cubana\u201d.<\/p>\n<p>Verso il 1973 Mendieta indaga i temi della violenza sulle donne e dello slittamento di identit\u00e0, esplorando le potenzialit\u00e0 del proprio corpo e della sua deformazione, ad esempio schiacciandolo contro lastre di vetro.<\/p>\n<p>Il sangue \u00e8 un altro elemento che diventa presto centrale nei suoi lavori. Emblematica \u00e8 la sua opera <i>Untitled (Rape Performance) <\/i>(1973)<i>, <\/i>in cui l\u2019artista si fa trovare da professori e studenti nel proprio appartamento, nella penombra, nuda, ricurva sul tavolo, legata e insanguinata, mentre inscena brutalmente uno stupro. Questa azione rappresenta una critica dell\u2019artista alla notizia dello stupro e dell\u2019assassinio di una studentessa nel suo stesso campus universitario.<\/p>\n<p>Nello stesso anno Ana Mendieta compie un viaggio in Messico e, ispirata dall\u2019ambiente e dalle culture primordiali, inizia la serie delle <b>\u201c<\/b>Siluetas\u201d (dal 1973 al 1980), in cui compaiono i temi della sepoltura e della morte. Nel tempo documentarel\u2019erosione della \ufb01guraL\u2019artista stessa si definisce <b>\u201cEarth-body artist\u201d. <\/b><\/p>\n<p><strong><i>&#8220;Io lavoro con la Terra\u00a0, faccio \u00a0sculture \u00a0nel \u00a0paesaggio, visto che non ho una madre\/patria, sento il bisogno \u00a0di avvicinare la terra e tornare al suo grembo&#8221;.<\/i><\/strong><\/p>\n<p>Le Siluetas sono create da terra, neve, ghiaccio, sassi, erba, foglie e fuoco, e riproducono una sagoma femminile, vicina spiritualmente a quella propria dell\u2019artista: <b>\u201c<i>Utilizzo la terra come tela e la mia anima come strumento\u201d. <\/i><\/b>Alcune di esse sono figure di sabbia che si realizzano attraverso la loro erosione, quando l&#8217;acqua dell&#8217;oceano scorre su di esse, svuotandole e lasciando disperdere il sangue o la tempera rossa che le riempie. Una delle <i>Silueta<\/i> pi\u00f9 caratteristiche \u00e8 <i>Alma Silueta en fuego <\/i>(1975), dove la sagoma \u00e8 creata con il fuoco in un processo di purificazione-trasformazione-morte.<\/p>\n<p>Dopo aver viaggiato dal 1980 pi\u00f9 volte a Cuba, la sua madre patria, l\u2019artista elabor\u00f2 una nuova serie: le \u201cSculture Rupestri\u201d, rappresentanti delle figure semi-astratte scavate nella roccia o veri e propri totem, come <i>Totem Grave <\/i>(1984-85)<b>, <\/b>creato con polvere a sparo e tronchi d\u2019albero.<\/p>\n<p>Ana Mendieta muore prematuramente nel 1985 cadendo dal 35 esimo piano del suo appartamento a New York dove viveva con il marito, l\u2019artista Carl Andre.<\/p>\n<p>Un articolo di <strong>Daisy Triolo<\/strong><\/p>\n<div id='gallery-1' class='gallery galleryid-766 gallery-columns-3 gallery-size-thumbnail'><figure class='gallery-item'>\n\t\t\t<div class='gallery-icon landscape'>\n\t\t\t\t<a href='https:\/\/iperarte.net\/ledonnedellarte\/ana-mendieta\/ana-mendieta-opere\/'><img width=\"150\" height=\"150\" src=\"https:\/\/iperarte.net\/ledonnedellarte\/wp-content\/uploads\/sites\/2\/2014\/02\/ana-mendieta-opere-150x150.jpg\" class=\"attachment-thumbnail size-thumbnail\" alt=\"\" loading=\"lazy\" srcset=\"https:\/\/iperarte.net\/ledonnedellarte\/wp-content\/uploads\/sites\/2\/2014\/02\/ana-mendieta-opere-150x150.jpg 150w, https:\/\/iperarte.net\/ledonnedellarte\/wp-content\/uploads\/sites\/2\/2014\/02\/ana-mendieta-opere-435x435.jpg 435w\" sizes=\"(max-width: 150px) 100vw, 150px\" \/><\/a>\n\t\t\t<\/div><\/figure><figure class='gallery-item'>\n\t\t\t<div class='gallery-icon landscape'>\n\t\t\t\t<a href='https:\/\/iperarte.net\/ledonnedellarte\/ana-mendieta\/untitled-rape-performance-1973-ana-mendieta\/'><img width=\"150\" height=\"150\" src=\"https:\/\/iperarte.net\/ledonnedellarte\/wp-content\/uploads\/sites\/2\/2014\/02\/Untitled-Rape-Performance-1973-ana-mendieta-150x150.jpg\" class=\"attachment-thumbnail size-thumbnail\" alt=\"\" loading=\"lazy\" srcset=\"https:\/\/iperarte.net\/ledonnedellarte\/wp-content\/uploads\/sites\/2\/2014\/02\/Untitled-Rape-Performance-1973-ana-mendieta-150x150.jpg 150w, https:\/\/iperarte.net\/ledonnedellarte\/wp-content\/uploads\/sites\/2\/2014\/02\/Untitled-Rape-Performance-1973-ana-mendieta-435x435.jpg 435w\" sizes=\"(max-width: 150px) 100vw, 150px\" \/><\/a>\n\t\t\t<\/div><\/figure><figure class='gallery-item'>\n\t\t\t<div class='gallery-icon landscape'>\n\t\t\t\t<a href='https:\/\/iperarte.net\/ledonnedellarte\/ana-mendieta\/ana-mendieta-alma-silueta-en-fuego\/'><img width=\"150\" height=\"150\" src=\"https:\/\/iperarte.net\/ledonnedellarte\/wp-content\/uploads\/sites\/2\/2014\/02\/ana-mendieta-Alma-Silueta-en-fuego-150x150.jpg\" class=\"attachment-thumbnail size-thumbnail\" alt=\"\" loading=\"lazy\" \/><\/a>\n\t\t\t<\/div><\/figure><figure class='gallery-item'>\n\t\t\t<div class='gallery-icon landscape'>\n\t\t\t\t<a href='https:\/\/iperarte.net\/ledonnedellarte\/ana-mendieta\/ana-mendieta-totem-grave\/'><img width=\"150\" height=\"150\" src=\"https:\/\/iperarte.net\/ledonnedellarte\/wp-content\/uploads\/sites\/2\/2014\/02\/ANA-MENDIETA-Totem-Grave-150x150.jpeg\" class=\"attachment-thumbnail size-thumbnail\" alt=\"\" loading=\"lazy\" srcset=\"https:\/\/iperarte.net\/ledonnedellarte\/wp-content\/uploads\/sites\/2\/2014\/02\/ANA-MENDIETA-Totem-Grave-150x150.jpeg 150w, https:\/\/iperarte.net\/ledonnedellarte\/wp-content\/uploads\/sites\/2\/2014\/02\/ANA-MENDIETA-Totem-Grave-300x300.jpeg 300w, https:\/\/iperarte.net\/ledonnedellarte\/wp-content\/uploads\/sites\/2\/2014\/02\/ANA-MENDIETA-Totem-Grave-435x435.jpeg 435w, https:\/\/iperarte.net\/ledonnedellarte\/wp-content\/uploads\/sites\/2\/2014\/02\/ANA-MENDIETA-Totem-Grave-60x60.jpeg 60w, https:\/\/iperarte.net\/ledonnedellarte\/wp-content\/uploads\/sites\/2\/2014\/02\/ANA-MENDIETA-Totem-Grave.jpeg 709w\" sizes=\"(max-width: 150px) 100vw, 150px\" \/><\/a>\n\t\t\t<\/div><\/figure><figure class='gallery-item'>\n\t\t\t<div class='gallery-icon portrait'>\n\t\t\t\t<a href='https:\/\/iperarte.net\/ledonnedellarte\/ana-mendieta\/ana-mendieta-barba\/'><img width=\"150\" height=\"150\" src=\"https:\/\/iperarte.net\/ledonnedellarte\/wp-content\/uploads\/sites\/2\/2014\/02\/ana-mendieta-barba-150x150.jpg\" class=\"attachment-thumbnail size-thumbnail\" alt=\"\" loading=\"lazy\" srcset=\"https:\/\/iperarte.net\/ledonnedellarte\/wp-content\/uploads\/sites\/2\/2014\/02\/ana-mendieta-barba-150x150.jpg 150w, https:\/\/iperarte.net\/ledonnedellarte\/wp-content\/uploads\/sites\/2\/2014\/02\/ana-mendieta-barba-435x435.jpg 435w\" sizes=\"(max-width: 150px) 100vw, 150px\" \/><\/a>\n\t\t\t<\/div><\/figure>\n\t\t<\/div>\n\n","protected":false},"excerpt":{"rendered":"<p>Ana Mendieta \u00e8 una delle donne pi\u00f9 significative nel panorama artistico contemporaneo e una delle prime artiste latino-americane ad avere un ruolo centrale negli anni \u201970. Nata a L\u2019Avana (Cuba) nel 1948, Ana Mendieta viene portata tredicenne, insieme alla sorella, negli Stati Uniti con l\u2019operazione \u201cPeter Pan\u201d, un piano anticomunista che aveva l\u2019obiettivo di far &hellip; <\/p>\n","protected":false},"author":1,"featured_media":2014,"comment_status":"closed","ping_status":"closed","sticky":false,"template":"","format":"standard","meta":[],"categories":[3,4,13],"tags":[],"_links":{"self":[{"href":"https:\/\/iperarte.net\/ledonnedellarte\/wp-json\/wp\/v2\/posts\/766"}],"collection":[{"href":"https:\/\/iperarte.net\/ledonnedellarte\/wp-json\/wp\/v2\/posts"}],"about":[{"href":"https:\/\/iperarte.net\/ledonnedellarte\/wp-json\/wp\/v2\/types\/post"}],"author":[{"embeddable":true,"href":"https:\/\/iperarte.net\/ledonnedellarte\/wp-json\/wp\/v2\/users\/1"}],"replies":[{"embeddable":true,"href":"https:\/\/iperarte.net\/ledonnedellarte\/wp-json\/wp\/v2\/comments?post=766"}],"version-history":[{"count":2,"href":"https:\/\/iperarte.net\/ledonnedellarte\/wp-json\/wp\/v2\/posts\/766\/revisions"}],"predecessor-version":[{"id":2019,"href":"https:\/\/iperarte.net\/ledonnedellarte\/wp-json\/wp\/v2\/posts\/766\/revisions\/2019"}],"wp:featuredmedia":[{"embeddable":true,"href":"https:\/\/iperarte.net\/ledonnedellarte\/wp-json\/wp\/v2\/media\/2014"}],"wp:attachment":[{"href":"https:\/\/iperarte.net\/ledonnedellarte\/wp-json\/wp\/v2\/media?parent=766"}],"wp:term":[{"taxonomy":"category","embeddable":true,"href":"https:\/\/iperarte.net\/ledonnedellarte\/wp-json\/wp\/v2\/categories?post=766"},{"taxonomy":"post_tag","embeddable":true,"href":"https:\/\/iperarte.net\/ledonnedellarte\/wp-json\/wp\/v2\/tags?post=766"}],"curies":[{"name":"wp","href":"https:\/\/api.w.org\/{rel}","templated":true}]}}