{"id":836,"date":"2014-02-18T10:04:46","date_gmt":"2014-02-18T09:04:46","guid":{"rendered":"http:\/\/iperarte.net\/ledonnedellarte\/?p=836"},"modified":"2022-05-28T11:39:07","modified_gmt":"2022-05-28T09:39:07","slug":"tamara-de-lempicka","status":"publish","type":"post","link":"https:\/\/iperarte.net\/ledonnedellarte\/tamara-de-lempicka\/","title":{"rendered":"Tamara de Lempicka"},"content":{"rendered":"<p>Tamara de Lempicka \u00e8 stata una pittrice polacca dallo stile <em>Art D\u00e9co<\/em>, nata a Varsavia il 16 maggio 1898.<br \/>\nDopo la morte del padre, Tamara trascorre qualche anno con la nonna Clementine e insieme a lei compie il primo importantissimo viaggio in Italia, nel 1907, per poi trasferirsi a San Pietroburgo.<br \/>\nNella citt\u00e0 russa conosce e sposa un giovane avvocato, Tadeusz Lempicki, dal quale deriva il suo nome d\u2019arte e con il quale si traferisce a Parigi nel 1918. Nella\u00a0<em>Ville Lumi\u00e8re<\/em> Tamara frequenta l\u2019Acad\u00e9mie de la Grande Chaumi\u00e8re e nel 1922 espone per la prima volta al Salon d\u2019Automne.<\/p>\n<p>Tamara de Lempicka prende spunto dalle rotondit\u00e0 e le tonalit\u00e0 tipiche di Ingres e dal post-cubismo costruttivista e sitentico del suo maestro Andr\u00e8 Lhote. La pittrice modella la plasticit\u00e0 dei corpi attraverso una luce artificiale dalle ombre decise di influenza cubista e un gusto <em>Art D\u00e9co<\/em> riletto in chiave personale. Tamara dipige con pennellate piatte e compatte, utilizzando colori accesi graduati per creare linee pure e definite.<\/p>\n<p>L\u2019atmosfera che si respira nelle sue opere \u00e8 densa di erotismo e provocazione. Le donne di Tamara sono <strong>nuove veneri moderne, borghesi\u00a0 e altezzose<\/strong>, hanno la pelle avorio e sono adagiate i pose sensuali, riflettendo il clima culturale e la moda contemporanea.<\/p>\n<blockquote><p><em>Sono stata la prima donna a dipingere in maniera chiara e pulita: questo \u00e8 il segreto del mio successo. Un mio quadro pu\u00f2 essere subito riconosciuto tra altri cento\u2026Il mio stile attirava subito l\u2019attenzione: era chiaro, era perfetto.<\/em><\/p><\/blockquote>\n<p>Nel 1925 ottiene i primi riconoscimenti a Parigi trasformandosi in una delle icone della vita mondana e artistica della capitale francese. Travolta dalla frenesia della popolarit\u00e0 e dei nuovi svaghi degli anni &#8217;20, l&#8217;artista si costruisce un personaggio a tavolino e inizia a fare scandalo. Ben presto rivela la sua bisessualit\u00e0, sfoggiando le sue travolgenti passioni per ritagliarsi un posto nello scenario glamour di quegli anni. La serie di pitture dedicata a \u201c la belle Rafa\u00ebla\u201d \u00e8 il risultato dell&#8217;amore ossessivo dell&#8217;artista per una donna.<\/p>\n<p>Per il Salon francese del 1922 dipinge <a href=\"https:\/\/iperarte.net\/ledonnedellarte\/tamara-de-lempicka\/tamara-de-lempicka-le-due-amiche\/\"><em>Le due amiche (Perspective)<\/em><\/a>, un olio su tela con richiami cubisti e dalle linee talmente dure da far sembrare le due protagoniste come due manichini inanimati e inespressivi. Lo sguardo freddo e distaccato delle donne dipinte non genera grandi entusiasmi nel pubblico, anche a causa del tema provocatorio del soggetto, che ritrae un modaiolo amore saffico.<\/p>\n<p><a href=\"https:\/\/iperarte.net\/ledonnedellarte\/tamara-de-lempicka\/tamara-de-lempicka-kizette-al-balcone\/\"><em>Kizette al balcone<\/em> <\/a>(1927) raffigura una bambina al balcone seduta su uno sgabello, in una posa che richiama il ritratto <em>di Bia de<\/em>&#8216; <em>Medici <\/em>di Agnolo Bronzino, artista spesso citato da Tamara de Lempicka a partire dal suo viaggio in Italia. Alle spalle della protagonista, si staglia\u00a0un paesaggio urbano decostruito e appiattito dalle tonalit\u00e0 cromatiche tenui\u00a0 (gialli, grigi e bianchi) che richiamano il candore virginale della bambina dai morbidi contorni infantili.<\/p>\n<p>Il celebre<a href=\"https:\/\/iperarte.net\/ledonnedellarte\/tamara-de-lempicka\/tamara-de-lempicka-3\/\"><em> Autoritratto<\/em><\/a> del 1929 viene utilizzato come copertina di luglio della celebre rivista tedesca \u201cDie Dame\u201d. Il dipinto ottiene popolarit\u00e0 e diventa il manifesto di un\u2019intera epoca. Per quest&#8217;opera, la pittrice si raffigura a bordo di una Bugatti, sinonimo di velocit\u00e0 e di lusso, rendendo cos\u00ec l\u2019idea della donna emancipata e indipendente, esattamente come richiama lo sguardo fiero con cui si rivolge verso lo spettatore. Le linee morbide del viso entrano in conflitto con la spigolosit\u00e0 del foulard che porta intorno al collo, dai richiami metallici e geometrici.<\/p>\n<blockquote><p><em>Avevo un principio: non copiare mai. Creare uno stile nuovo, colori chiari, luminosi, scopri l\u2019eleganza nascosta nei tuoi modelli.<\/em><\/p><\/blockquote>\n<p>Dopo il matrimonio con il barone Kuffner, nel 1933,\u00a0Tamara de Lempicka ottiene la fama e la ricchezza a lungo bramata. Nel 1939 si trasferisce negli Stati Uniti, Houston in Texas, dove continua a dipingere rifiutandosi tuttavia di esporre a causa della critica negativa con cui furono accolte le sue ultime opere. Muore a Cuernavaca in Messico, il 18 marzo 1980.<\/p>\n<p>Un articolo di <strong>Martina Giangiacomo<\/strong><\/p>\n<div id='gallery-1' class='gallery galleryid-836 gallery-columns-3 gallery-size-thumbnail'><figure class='gallery-item'>\n\t\t\t<div class='gallery-icon landscape'>\n\t\t\t\t<a href='https:\/\/iperarte.net\/ledonnedellarte\/tamara-de-lempicka\/tamara-de-lempicka-3\/'><img width=\"150\" height=\"150\" src=\"https:\/\/iperarte.net\/ledonnedellarte\/wp-content\/uploads\/sites\/2\/2014\/02\/tamara-de-lempicka-150x150.jpg\" class=\"attachment-thumbnail size-thumbnail\" alt=\"\" loading=\"lazy\" srcset=\"https:\/\/iperarte.net\/ledonnedellarte\/wp-content\/uploads\/sites\/2\/2014\/02\/tamara-de-lempicka-150x150.jpg 150w, https:\/\/iperarte.net\/ledonnedellarte\/wp-content\/uploads\/sites\/2\/2014\/02\/tamara-de-lempicka-435x435.jpg 435w\" sizes=\"(max-width: 150px) 100vw, 150px\" \/><\/a>\n\t\t\t<\/div><\/figure><figure class='gallery-item'>\n\t\t\t<div class='gallery-icon portrait'>\n\t\t\t\t<a href='https:\/\/iperarte.net\/ledonnedellarte\/tamara-de-lempicka\/tamara-de-lempicka-kizette-al-balcone\/'><img width=\"150\" height=\"150\" src=\"https:\/\/iperarte.net\/ledonnedellarte\/wp-content\/uploads\/sites\/2\/2014\/02\/Tamara-de-Lempicka-Kizette-al-balcone-150x150.jpg\" class=\"attachment-thumbnail size-thumbnail\" alt=\"\" loading=\"lazy\" srcset=\"https:\/\/iperarte.net\/ledonnedellarte\/wp-content\/uploads\/sites\/2\/2014\/02\/Tamara-de-Lempicka-Kizette-al-balcone-150x150.jpg 150w, https:\/\/iperarte.net\/ledonnedellarte\/wp-content\/uploads\/sites\/2\/2014\/02\/Tamara-de-Lempicka-Kizette-al-balcone-435x435.jpg 435w\" sizes=\"(max-width: 150px) 100vw, 150px\" \/><\/a>\n\t\t\t<\/div><\/figure><figure class='gallery-item'>\n\t\t\t<div class='gallery-icon portrait'>\n\t\t\t\t<a href='https:\/\/iperarte.net\/ledonnedellarte\/tamara-de-lempicka\/tamara-de-lempicka-le-due-amiche\/'><img width=\"150\" height=\"150\" src=\"https:\/\/iperarte.net\/ledonnedellarte\/wp-content\/uploads\/sites\/2\/2014\/02\/Tamara-de-Lempicka-Le-due-amiche-150x150.jpg\" class=\"attachment-thumbnail size-thumbnail\" alt=\"\" loading=\"lazy\" srcset=\"https:\/\/iperarte.net\/ledonnedellarte\/wp-content\/uploads\/sites\/2\/2014\/02\/Tamara-de-Lempicka-Le-due-amiche-150x150.jpg 150w, https:\/\/iperarte.net\/ledonnedellarte\/wp-content\/uploads\/sites\/2\/2014\/02\/Tamara-de-Lempicka-Le-due-amiche-435x435.jpg 435w\" sizes=\"(max-width: 150px) 100vw, 150px\" \/><\/a>\n\t\t\t<\/div><\/figure><figure class='gallery-item'>\n\t\t\t<div class='gallery-icon portrait'>\n\t\t\t\t<a href='https:\/\/iperarte.net\/ledonnedellarte\/tamara-de-lempicka\/la-musica-tamara-de-lempicka\/'><img width=\"150\" height=\"150\" src=\"https:\/\/iperarte.net\/ledonnedellarte\/wp-content\/uploads\/sites\/2\/2014\/02\/la-musica-tamara-de-lempicka-150x150.jpg\" class=\"attachment-thumbnail size-thumbnail\" alt=\"\" loading=\"lazy\" srcset=\"https:\/\/iperarte.net\/ledonnedellarte\/wp-content\/uploads\/sites\/2\/2014\/02\/la-musica-tamara-de-lempicka-150x150.jpg 150w, https:\/\/iperarte.net\/ledonnedellarte\/wp-content\/uploads\/sites\/2\/2014\/02\/la-musica-tamara-de-lempicka-435x435.jpg 435w\" sizes=\"(max-width: 150px) 100vw, 150px\" \/><\/a>\n\t\t\t<\/div><\/figure><figure class='gallery-item'>\n\t\t\t<div class='gallery-icon portrait'>\n\t\t\t\t<a href='https:\/\/iperarte.net\/ledonnedellarte\/tamara-de-lempicka\/tamara-de-lempicka-ritratti-boucard\/'><img width=\"150\" height=\"150\" src=\"https:\/\/iperarte.net\/ledonnedellarte\/wp-content\/uploads\/sites\/2\/2014\/02\/tamara-de-lempicka-ritratti-boucard-150x150.jpg\" class=\"attachment-thumbnail size-thumbnail\" alt=\"\" loading=\"lazy\" srcset=\"https:\/\/iperarte.net\/ledonnedellarte\/wp-content\/uploads\/sites\/2\/2014\/02\/tamara-de-lempicka-ritratti-boucard-150x150.jpg 150w, https:\/\/iperarte.net\/ledonnedellarte\/wp-content\/uploads\/sites\/2\/2014\/02\/tamara-de-lempicka-ritratti-boucard-435x435.jpg 435w\" sizes=\"(max-width: 150px) 100vw, 150px\" \/><\/a>\n\t\t\t<\/div><\/figure><figure class='gallery-item'>\n\t\t\t<div class='gallery-icon portrait'>\n\t\t\t\t<a href='https:\/\/iperarte.net\/ledonnedellarte\/tamara-de-lempicka\/tamara-de-lempicka-idillio\/'><img width=\"150\" height=\"150\" src=\"https:\/\/iperarte.net\/ledonnedellarte\/wp-content\/uploads\/sites\/2\/2014\/02\/tamara-de-lempicka-idillio-150x150.jpg\" class=\"attachment-thumbnail size-thumbnail\" alt=\"\" loading=\"lazy\" \/><\/a>\n\t\t\t<\/div><\/figure><figure class='gallery-item'>\n\t\t\t<div class='gallery-icon portrait'>\n\t\t\t\t<a href='https:\/\/iperarte.net\/ledonnedellarte\/tamara-de-lempicka\/tamara-de-lempicka-rifugiati\/'><img width=\"150\" height=\"150\" src=\"https:\/\/iperarte.net\/ledonnedellarte\/wp-content\/uploads\/sites\/2\/2014\/02\/tamara-de-lempicka-rifugiati-150x150.jpg\" class=\"attachment-thumbnail size-thumbnail\" alt=\"\" loading=\"lazy\" srcset=\"https:\/\/iperarte.net\/ledonnedellarte\/wp-content\/uploads\/sites\/2\/2014\/02\/tamara-de-lempicka-rifugiati-150x150.jpg 150w, https:\/\/iperarte.net\/ledonnedellarte\/wp-content\/uploads\/sites\/2\/2014\/02\/tamara-de-lempicka-rifugiati-435x435.jpg 435w\" sizes=\"(max-width: 150px) 100vw, 150px\" \/><\/a>\n\t\t\t<\/div><\/figure>\n\t\t<\/div>\n\n","protected":false},"excerpt":{"rendered":"<p>Tamara de Lempicka \u00e8 stata una pittrice polacca dallo stile Art D\u00e9co, nata a Varsavia il 16 maggio 1898. Dopo la morte del padre, Tamara trascorre qualche anno con la nonna Clementine e insieme a lei compie il primo importantissimo viaggio in Italia, nel 1907, per poi trasferirsi a San Pietroburgo. Nella citt\u00e0 russa conosce &hellip; <\/p>\n","protected":false},"author":1,"featured_media":1962,"comment_status":"closed","ping_status":"closed","sticky":false,"template":"","format":"standard","meta":[],"categories":[8],"tags":[],"_links":{"self":[{"href":"https:\/\/iperarte.net\/ledonnedellarte\/wp-json\/wp\/v2\/posts\/836"}],"collection":[{"href":"https:\/\/iperarte.net\/ledonnedellarte\/wp-json\/wp\/v2\/posts"}],"about":[{"href":"https:\/\/iperarte.net\/ledonnedellarte\/wp-json\/wp\/v2\/types\/post"}],"author":[{"embeddable":true,"href":"https:\/\/iperarte.net\/ledonnedellarte\/wp-json\/wp\/v2\/users\/1"}],"replies":[{"embeddable":true,"href":"https:\/\/iperarte.net\/ledonnedellarte\/wp-json\/wp\/v2\/comments?post=836"}],"version-history":[{"count":3,"href":"https:\/\/iperarte.net\/ledonnedellarte\/wp-json\/wp\/v2\/posts\/836\/revisions"}],"predecessor-version":[{"id":1975,"href":"https:\/\/iperarte.net\/ledonnedellarte\/wp-json\/wp\/v2\/posts\/836\/revisions\/1975"}],"wp:featuredmedia":[{"embeddable":true,"href":"https:\/\/iperarte.net\/ledonnedellarte\/wp-json\/wp\/v2\/media\/1962"}],"wp:attachment":[{"href":"https:\/\/iperarte.net\/ledonnedellarte\/wp-json\/wp\/v2\/media?parent=836"}],"wp:term":[{"taxonomy":"category","embeddable":true,"href":"https:\/\/iperarte.net\/ledonnedellarte\/wp-json\/wp\/v2\/categories?post=836"},{"taxonomy":"post_tag","embeddable":true,"href":"https:\/\/iperarte.net\/ledonnedellarte\/wp-json\/wp\/v2\/tags?post=836"}],"curies":[{"name":"wp","href":"https:\/\/api.w.org\/{rel}","templated":true}]}}